{"id":7825,"date":"2023-06-23T16:15:09","date_gmt":"2023-06-23T14:15:09","guid":{"rendered":"https:\/\/corsicalovers.fr\/hotel-onda-calvi-avis\/"},"modified":"2023-06-25T11:03:53","modified_gmt":"2023-06-25T09:03:53","slug":"hotel-onda-calvi-recensione","status":"publish","type":"post","link":"https:\/\/corsicalovers.fr\/it\/hotel-onda-calvi-recensione\/","title":{"rendered":"Soggiorno presso H\u00f4tel L&#8217;Onda (Calvi): recensione + foto"},"content":{"rendered":"\n<p><strong>Soggiornare all&#8217;H\u00f4tel L&#8217;Onda<\/strong> a Calvi \u00e8 stata un&#8217;esperienza fantastica. Siamo rimasti colpiti dall&#8217;<strong>arredamento contemporaneo<\/strong> delle camere e delle aree comuni. La <strong>vista dal nostro balcone<\/strong> sulle acque turchesi di Calvi era <strong>eccezionale<\/strong>! La <strong>posizione<\/strong> consente di raggiungere a piedi il centro di Calvi in 15 minuti e la spiaggia \u00e8 a soli 30 metri di distanza! Il personale dell&#8217;hotel, molto cordiale, ha reso il nostro soggiorno ancora pi\u00f9 piacevole.<\/p>\n\n<p>In questo articolo, le forniamo un <strong>resoconto dettagliato<\/strong> della nostra esperienza all&#8217;Hotel L&#8217;Onda, con <strong>molte foto<\/strong> per aiutarla a fare la sua scelta!<\/p>\n\n<figure class=\"wp-block-image size-full\"><img decoding=\"async\" src=\"https:\/\/corsicalovers.fr\/wp-content\/uploads\/2023\/06\/hotel-onda-calvi-recensione.jpg\" alt=\"Scopra la nostra recensione e le foto dell'hotel l'Onda a Calvi!\" class=\"wp-image-7752\"\/><\/figure>\n\n<p>Questa recensione \u00e8 completamente <b>indipendente<\/b>, abbiamo soggiornato in forma anonima e abbiamo pagato il nostro conto per intero.<\/p>\n\n<h2 class=\"wp-block-heading\">Perch\u00e9 soggiornare all&#8217;Hotel L&#8217;Onda?<\/h2>\n\n<p>Questa struttura \u00e8 un&#8217;ottima opzione per le sue vacanze. Infatti, lo abbiamo inserito tra i <a href=\"https:\/\/corsicalovers.fr\/it\/miglior-hotel-calvi-dov-alloggiare\/\" target=\"_blank\" rel=\"noreferrer noopener\">migliori hotel in cui soggiornare a Calvi<\/a>. Ecco i suoi 3 principali vantaggi:<\/p>\n\n<ul class=\"wp-block-list\">\n<li><strong>Bellissimo arredamento contemporaneo<\/strong>: l&#8217;hotel \u00e8 decorato con materiali moderni ed eleganti e pezzi forti (mosaici, divani in pelle, ecc.).<\/li>\n<\/ul>\n\n<figure class=\"wp-block-image size-large\"><img decoding=\"async\" src=\"https:\/\/photos.smugmug.com\/Corsica-Lovers\/Calvi\/H&#xF4;tels\/n-fZbRVb\/H&#xF4;tel-LOnda\/i-8ZfmfmS\/0\/9ccd7815\/L\/Ho&#x302;teOnda-Calvi-salon-2-L.jpg\" alt=\"Vista del soggiorno.  \"\/><\/figure>\n\n<ul class=\"wp-block-list\">\n<li><strong>La vista<\/strong>: spettacolare, con vista sui pini e sul mare turchese di Calvi. Abbiamo avuto l&#8217;opportunit\u00e0 perfetta di rilassarci dal nostro balcone!<\/li>\n<\/ul>\n\n<figure class=\"wp-block-image size-large\"><img decoding=\"async\" src=\"https:\/\/photos.smugmug.com\/Corsica-Lovers\/Calvi\/H&#xF4;tels\/n-fZbRVb\/H&#xF4;tel-LOnda\/i-26BscgG\/0\/ce3bdd70\/L\/Ho&#x302;teOnda-Calvi-vue-L.jpg\" alt=\"Vista dalla nostra camera.\"\/><\/figure>\n\n<ul class=\"wp-block-list\">\n<li><strong>Posizione: <\/strong>l&#8217;hotel non si trova nel centro della citt\u00e0, ma pu\u00f2 essere raggiunto a piedi in 15 minuti. Questo le permette di godere di un ambiente tranquillo, di un parcheggio privato e della vicinanza alla spiaggia.<\/li>\n<\/ul>\n\n<figure class=\"wp-block-image size-large\"><img decoding=\"async\" src=\"https:\/\/photos.smugmug.com\/Corsica-Lovers\/Calvi\/H&#xF4;tels\/n-fZbRVb\/H&#xF4;tel-LOnda\/i-hxkND46\/0\/b076f504\/L\/Ho&#x302;teOnda-Calvi-terrassearrie&#x300;re-1-L.jpg\" alt=\"Vista sulla pineta.  \"\/><\/figure>\n\n<hr class=\"wp-block-separator has-text-color has-alpha-channel-opacity has-background is-style-wide\" style=\"background-color:#010101;color:#010101\"\/>\n\n<p class=\"has-text-align-center\"><a href=\"https:\/\/www.booking.com\/hotel\/fr\/onda.html?aid=2291718\" target=\"_blank\" rel=\"noreferrer noopener sponsored nofollow\">Vedere pi\u00f9 foto di Hotel L&#8217;Onda<\/a>.<\/p>\n\n<hr class=\"wp-block-separator has-text-color has-black-color has-alpha-channel-opacity has-black-background-color has-background is-style-wide\"\/>\n\n<h2 class=\"wp-block-heading\">L&#8217;Hotel L&#8217;Onda vale la pena? La nostra recensione<\/h2>\n\n<p>Assolutamente! Abbiamo trascorso un soggiorno molto piacevole in questo hotel, che consigliamo vivamente. L&#8217;hotel offre servizi eccellenti, tra cui una piacevole terrazza per la colazione e un accogliente salotto per una pausa di lettura.<\/p>\n\n<figure class=\"wp-block-image size-large\"><img decoding=\"async\" src=\"https:\/\/photos.smugmug.com\/Corsica-Lovers\/Calvi\/H&#xF4;tels\/n-fZbRVb\/H&#xF4;tel-LOnda\/i-6NgQHp8\/0\/066ef2ef\/L\/Ho&#x302;teOnda-Calvi-salon-5-L.jpg\" alt=\"Vista di un'area lounge.  \"\/><\/figure>\n\n<p>La nostra caratteristica preferita \u00e8 stata la decorazione della nostra camera, una delle pi\u00f9 belle in cui abbiamo mai soggiornato!<\/p>\n\n<figure class=\"wp-block-image size-large\"><img decoding=\"async\" src=\"https:\/\/photos.smugmug.com\/Corsica-Lovers\/Calvi\/H&#xF4;tels\/n-fZbRVb\/H&#xF4;tel-LOnda\/i-FTtFpPH\/0\/d021eaf9\/L\/Ho&#x302;teOnda-Calvi-chambre-6-L.jpg\" alt=\"Vista della nostra camera.  \"\/><\/figure>\n\n<div style=\"margin-top:8%;margin-bottom:8%\" class=\"wp-block-genesis-blocks-gb-container box gb-block-container\"><div class=\"gb-container-inside\"><div class=\"gb-container-content\">\n<div class=\"wp-block-columns inverse box_planif is-layout-flex wp-container-core-columns-is-layout-9d6595d7 wp-block-columns-is-layout-flex\">\n<div class=\"wp-block-column texte_planif is-layout-flow wp-block-column-is-layout-flow\" style=\"flex-basis:58%\">\n<h5 class=\"titre_box\" style=\"padding-top:10px;\">ATTIVIT\u00c0 ALL&#8217;APERTO<br\/> <span>IT <\/span><span class=\"titre_box_manuscrit\">Corsica del Nord<\/span><\/h5>\n\n\n\n<ul class=\"wp-block-list\">\n<li style=\"font-size:14px\">Introduzione alle immersioni &#8211; <a href=\"https:\/\/www.getyourguide.it\/calvi-l1537\/calvi-introduction-to-diving-dive-with-an-instructor-t415457\/?partner_id=R3GYW4V&amp;cmp=CL\" target=\"_blank\" rel=\"noreferrer noopener sponsored nofollow\">vedere foto + disponibilit\u00e0<\/a><\/li>\n\n\n\n<li style=\"font-size:14px\">Gita a Snokeling &#8211; <a href=\"https:\/\/www.getyourguide.it\/calvi-l1537\/calvi-pointe-de-la-revellata-snorkeling-tour-with-boat-ride-t416451\/?partner_id=R3GYW4V&amp;cmp=CL\" target=\"_blank\" rel=\"noreferrer noopener sponsored nofollow\">vedi foto + disponibilit\u00e0<\/a><\/li>\n\n\n\n<li style=\"font-size:14px\">Quad tra mare e montagna &#8211; <a href=\"https:\/\/www.getyourguide.it\/calvi-l1537\/excursion-quad-2-heures-t392350\/?partner_id=R3GYW4V&amp;cmp=CL\" target=\"_blank\" rel=\"noreferrer noopener sponsored nofollow\">vedi foto + disponibilit\u00e0<\/a> <\/li>\n\n\n\n<li style=\"font-size:14px\">Via Ferrata con diversi livelli &#8211; <a href=\"https:\/\/www.manawa.com\/en-GB\/activity\/corsica\/morosaglia\/via-ferrata\/via-ferrata-of-the-vallee-dasco-haute-corse\/7428?_cid=789\" target=\"_blank\" rel=\"noreferrer noopener sponsored nofollow\">vedi foto + disponibilit\u00e0<\/a><\/li>\n\n\n\n<li style=\"font-size:14px\">Canyoning in splendide valli &#8211; <a href=\"https:\/\/www.manawa.com\/en-GB\/activity\/corsica\/morosaglia\/canyoning\/canyoning-excursions-near-morosaglia-corsica\/7439?_cid=789\" target=\"_blank\" rel=\"noreferrer noopener sponsored nofollow\">vedi foto + disponibilit\u00e0<\/a><\/li>\n\n\n\n<li style=\"font-size:14px\">Rafting su 2 livelli di intensit\u00e0 &#8211; <a href=\"https:\/\/www.manawa.com\/en-GB\/activity\/corsica\/morosaglia\/rafting\/rafting-excursion-down-the-golo-river-corsica\/7412?_cid=789\" target=\"_blank\" rel=\"noreferrer noopener sponsored nofollow\">vedi foto + disponibilit\u00e0<\/a><\/li>\n<\/ul>\n<\/div>\n\n\n\n<div class=\"wp-block-column plongee-radius is-layout-flow wp-block-column-is-layout-flow\" style=\"flex-basis:42%\">\n<figure class=\"wp-block-image size-large img-portrait\"><img decoding=\"async\" src=\"https:\/\/photos.smugmug.com\/Corsica-Lovers\/n-WcgjTp\/Canyoning\/i-JgrZgGw\/0\/39b12678\/S\/canyoning-S.jpg\" alt=\"\" title=\"\"\/><\/figure>\n<\/div>\n<\/div>\n<\/div><\/div><\/div>\n\n<h2 class=\"wp-block-heading\">Decorazione e atmosfera<\/h2>\n\n<p>Il punto di forza dell&#8217;hotel \u00e8 l&#8217;arredamento elegante, moderno, colorato e di carattere (pavimenti a scacchi, pezzi di design contemporaneo combinati con mobili antichi, ecc). Quadri e sculture contemporanee adornano le pareti, conferendo all&#8217;hotel un&#8217;atmosfera intima e rilassante.<\/p>\n\n<figure class=\"wp-block-image size-large\"><img decoding=\"async\" src=\"https:\/\/photos.smugmug.com\/Corsica-Lovers\/Calvi\/H&#xF4;tels\/n-fZbRVb\/H&#xF4;tel-LOnda\/i-hpZkZX2\/0\/85dcfd8d\/L\/Ho&#x302;teOnda-Calvi-couloir-L.jpg\" alt=\"Vista del corridoio.  \"\/><\/figure>\n\n<p>L&#8217;arredamento \u00e8 molto confortevole, sia nelle aree comuni che nelle camere da letto. Il piano terra \u00e8 suddiviso in una serie di aree diverse per mezzo di decorazioni. Abbiamo apprezzato molto la zona lettura nel salone, con tre poltrone che si aprono su una piccola terrazza di fronte all&#8217;hotel, perfettamente attrezzata (sedie a sdraio, ecc.). In questa stanza, la carta da parati con motivi tropicali in tonalit\u00e0 molto tenui crea un&#8217;atmosfera da bozzolo.<\/p>\n\n<figure class=\"wp-block-image size-large\"><img decoding=\"async\" src=\"https:\/\/photos.smugmug.com\/Corsica-Lovers\/Calvi\/H&#xF4;tels\/n-fZbRVb\/H&#xF4;tel-LOnda\/i-4zFPS5Z\/0\/155f21b8\/L\/Ho&#x302;teOnda-Calvi-salon-4-L.jpg\" alt=\"Vista dell'area di lettura.  \"\/><\/figure>\n\n<p>Ci sono piaciuti anche i colori vivaci della sala colazioni, ideali per iniziare bene la giornata. Il pavimento a scacchi metteva in risalto le sedie di design nei toni dell&#8217;arancione e del blu petrolio. Le sedie blu riprendono la testata della nostra camera da letto!<\/p>\n\n<figure class=\"wp-block-image size-large\"><img decoding=\"async\" src=\"https:\/\/photos.smugmug.com\/Corsica-Lovers\/Calvi\/H&#xF4;tels\/n-fZbRVb\/H&#xF4;tel-LOnda\/i-VZGXrq2\/0\/ee245b57\/L\/Ho&#x302;teOnda-Calvi-petitdej-L.jpg\" alt=\"Vista della sala da pranzo.\"\/><\/figure>\n\n<div style=\"background-color:#fefefe;margin-top:6%;margin-bottom:6%\" class=\"wp-block-genesis-blocks-gb-container box gb-block-container\"><div class=\"gb-container-inside\"><div class=\"gb-container-content\" style=\"max-width:700px\">\n<div class=\"wp-block-columns inverse is-layout-flex wp-container-core-columns-is-layout-9d6595d7 wp-block-columns-is-layout-flex\">\n<div class=\"wp-block-column texte_planif is-layout-flow wp-block-column-is-layout-flow\" style=\"flex-basis:58%\">\n<h5 class=\"titre_box\">Riceva la nostra <span class=\"titre_box_manuscrit\">Newsletter<\/span><\/h5>\n\n\n\n<ul class=\"wp-block-list\">\n<li>Una boccata d&#8217;aria fresca nella sua vita quotidiana nelle bellissime destinazioni di Region Lovers!<\/li>\n\n\n\n<li>Una volta al mese<\/li>\n\n\n\n<li>Senza pubblicit\u00e0<\/li>\n<\/ul>\n\n\n<script>\nvar gform;gform||(document.addEventListener(\"gform_main_scripts_loaded\",function(){gform.scriptsLoaded=!0}),document.addEventListener(\"gform\/theme\/scripts_loaded\",function(){gform.themeScriptsLoaded=!0}),window.addEventListener(\"DOMContentLoaded\",function(){gform.domLoaded=!0}),gform={domLoaded:!1,scriptsLoaded:!1,themeScriptsLoaded:!1,isFormEditor:()=>\"function\"==typeof InitializeEditor,callIfLoaded:function(o){return!(!gform.domLoaded||!gform.scriptsLoaded||!gform.themeScriptsLoaded&&!gform.isFormEditor()||(gform.isFormEditor()&&console.warn(\"The use of gform.initializeOnLoaded() is deprecated in the form editor context and will be removed in Gravity Forms 3.1.\"),o(),0))},initializeOnLoaded:function(o){gform.callIfLoaded(o)||(document.addEventListener(\"gform_main_scripts_loaded\",()=>{gform.scriptsLoaded=!0,gform.callIfLoaded(o)}),document.addEventListener(\"gform\/theme\/scripts_loaded\",()=>{gform.themeScriptsLoaded=!0,gform.callIfLoaded(o)}),window.addEventListener(\"DOMContentLoaded\",()=>{gform.domLoaded=!0,gform.callIfLoaded(o)}))},hooks:{action:{},filter:{}},addAction:function(o,r,e,t){gform.addHook(\"action\",o,r,e,t)},addFilter:function(o,r,e,t){gform.addHook(\"filter\",o,r,e,t)},doAction:function(o){gform.doHook(\"action\",o,arguments)},applyFilters:function(o){return gform.doHook(\"filter\",o,arguments)},removeAction:function(o,r){gform.removeHook(\"action\",o,r)},removeFilter:function(o,r,e){gform.removeHook(\"filter\",o,r,e)},addHook:function(o,r,e,t,n){null==gform.hooks[o][r]&&(gform.hooks[o][r]=[]);var d=gform.hooks[o][r];null==n&&(n=r+\"_\"+d.length),gform.hooks[o][r].push({tag:n,callable:e,priority:t=null==t?10:t})},doHook:function(r,o,e){var t;if(e=Array.prototype.slice.call(e,1),null!=gform.hooks[r][o]&&((o=gform.hooks[r][o]).sort(function(o,r){return o.priority-r.priority}),o.forEach(function(o){\"function\"!=typeof(t=o.callable)&&(t=window[t]),\"action\"==r?t.apply(null,e):e[0]=t.apply(null,e)})),\"filter\"==r)return e[0]},removeHook:function(o,r,t,n){var e;null!=gform.hooks[o][r]&&(e=(e=gform.hooks[o][r]).filter(function(o,r,e){return!!(null!=n&&n!=o.tag||null!=t&&t!=o.priority)}),gform.hooks[o][r]=e)}});\n<\/script>\n\n                <div class='gf_browser_gecko gform_wrapper gravity-theme gform-theme--no-framework waitlist_wrapper' data-form-theme='gravity-theme' data-form-index='0' id='gform_wrapper_3' >\n                        <div class='gform_heading'>\n                            <p class='gform_description'><\/p>\n                        <\/div><form method='post' enctype='multipart\/form-data'  id='gform_3' class='waitlist' action='\/it\/wp-json\/wp\/v2\/posts\/7825' data-formid='3' novalidate>\n                        <div class='gform-body gform_body'><div id='gform_fields_3' class='gform_fields top_label form_sublabel_below description_below validation_below'><div id=\"field_3_5\" class=\"gfield gfield--type-honeypot gform_validation_container field_sublabel_below gfield--has-description field_description_below field_validation_below gfield_visibility_visible\"  ><label class='gfield_label gform-field-label' for='input_3_5'>URL<\/label><div class='ginput_container'><input name='input_5' id='input_3_5' type='text' value='' autocomplete='new-password'\/><\/div><div class='gfield_description' id='gfield_description_3_5'>Questo campo serve per la convalida e dovrebbe essere lasciato inalterato.<\/div><\/div><div id=\"field_3_1\" class=\"gfield gfield--type-email gfield--input-type-email gfield_contains_required field_sublabel_below gfield--no-description field_description_below hidden_label field_validation_below gfield_visibility_visible\"  ><label class='gfield_label gform-field-label' for='input_3_1'>E-mail<span class=\"gfield_required\"><span class=\"gfield_required gfield_required_text\">(Obbligatorio)<\/span><\/span><\/label><div class='ginput_container ginput_container_email'>\n                            <input name='input_1' id='input_3_1' type='email' value='' class='large'    aria-required=\"true\" aria-invalid=\"false\"  \/>\n                        <\/div><\/div><fieldset id=\"field_3_3\" class=\"gfield gfield--type-consent gfield--type-choice gfield--input-type-consent gfield_contains_required field_sublabel_below gfield--no-description field_description_below hidden_label field_validation_below gfield_visibility_visible\"  ><legend class='gfield_label gform-field-label gfield_label_before_complex' >RGPD<span class=\"gfield_required\"><span class=\"gfield_required gfield_required_text\">(Obbligatorio)<\/span><\/span><\/legend><div class='ginput_container ginput_container_consent'><input name='input_3.1' id='input_3_3_1' type='checkbox' value='1'   aria-required=\"true\" aria-invalid=\"false\"   \/> <label class=\"gform-field-label gform-field-label--type-inline gfield_consent_label\" for='input_3_3_1' >S\u00ec, desidero abbonarmi alla newsletter mensile<span class=\"gfield_required gfield_required_text\">(Obbligatorio)<\/span><\/label><input type='hidden' name='input_3.2' value='S\u00ec, desidero abbonarmi alla newsletter mensile' class='gform_hidden' \/><input type='hidden' name='input_3.3' value='1' class='gform_hidden' \/><\/div><\/fieldset><div id=\"field_3_4\" class=\"gfield gfield--type-website gfield--input-type-website field_sublabel_below gfield--no-description field_description_below field_validation_below gfield_visibility_hidden\"  ><div class=\"admin-hidden-markup\"><i class=\"gform-icon gform-icon--hidden\" aria-hidden=\"true\" title=\"Questo campo \u00e8 nascosto quando si visualizza il modulo\"><\/i><span>Questo campo \u00e8 nascosto quando si visualizza il modulo<\/span><\/div><label class='gfield_label gform-field-label' for='input_3_4'>Site Web<\/label><div class='ginput_container ginput_container_website'>\n                    <input name='input_4' id='input_3_4' type='url' value='https:\/\/corsicalovers.fr\/it\/wp-json\/wp\/v2\/posts\/7825' class='large'    placeholder='https:\/\/'  aria-invalid=\"false\" \/>\n                <\/div><\/div><\/div><\/div>\n        <div class='gform-footer gform_footer top_label'> <input type='submit' id='gform_submit_button_3' class='gform_button button' onclick='gform.submission.handleButtonClick(this);' data-submission-type='submit' value='Abbonarsi'  \/> \n            <input type='hidden' class='gform_hidden' name='gform_submission_method' data-js='gform_submission_method_3' value='postback' \/>\n            <input type='hidden' class='gform_hidden' name='gform_theme' data-js='gform_theme_3' id='gform_theme_3' value='gravity-theme' \/>\n            <input type='hidden' class='gform_hidden' name='gform_style_settings' data-js='gform_style_settings_3' id='gform_style_settings_3' value='{&quot;inputPrimaryColor&quot;:&quot;#204ce5&quot;}' \/>\n            <input type='hidden' class='gform_hidden' name='is_submit_3' value='1' \/>\n            <input type='hidden' class='gform_hidden' name='gform_submit' value='3' \/>\n            \n            <input type='hidden' class='gform_hidden' name='gform_currency' data-currency='EUR' value='aFIZRNwiVunofcKPzCk0yU9ffJbTZWP6WJ7ro5bzJ2SzA9WcyPxlosleT7fzOykbahrRFnCT5CzLWc\/zCLJxAvh\/LAHOQI1aHvPGPW6gWAnV5uc=' \/>\n            <input type='hidden' class='gform_hidden' name='gform_unique_id' value='' \/>\n            <input type='hidden' class='gform_hidden' name='state_3' value='WyJ7XCIzLjFcIjpcIjRhMGRkNzgxNzU2ZDJlOTRmNzBjODhiMTFmODU5ZjE4XCIsXCIzLjJcIjpcIjU5ZGYwNGQzM2M1NTdkNDEwOTFmY2Q2Y2RiOGNhYWI0XCIsXCIzLjNcIjpcIjRhMGRkNzgxNzU2ZDJlOTRmNzBjODhiMTFmODU5ZjE4XCJ9IiwiYzEyZDNlOWJhOTVkNmJjYWM1ZGZkYzc5OGZmOGMzMmIiXQ==' \/>\n            <input type='hidden' autocomplete='off' class='gform_hidden' name='gform_target_page_number_3' id='gform_target_page_number_3' value='0' \/>\n            <input type='hidden' autocomplete='off' class='gform_hidden' name='gform_source_page_number_3' id='gform_source_page_number_3' value='1' \/>\n            <input type='hidden' name='gform_field_values' value='' \/>\n            \n        <\/div>\n                        <\/form>\n                        <\/div><script>\ngform.initializeOnLoaded( function() {gformInitSpinner( 3, 'https:\/\/corsicalovers.fr\/wp-content\/plugins\/gravityforms\/images\/spinner.svg', true );jQuery('#gform_ajax_frame_3').on('load',function(){var contents = jQuery(this).contents().find('*').html();var is_postback = contents.indexOf('GF_AJAX_POSTBACK') >= 0;if(!is_postback){return;}var form_content = jQuery(this).contents().find('#gform_wrapper_3');var is_confirmation = jQuery(this).contents().find('#gform_confirmation_wrapper_3').length > 0;var is_redirect = contents.indexOf('gformRedirect(){') >= 0;var is_form = form_content.length > 0 && ! is_redirect && ! is_confirmation;var mt = parseInt(jQuery('html').css('margin-top'), 10) + parseInt(jQuery('body').css('margin-top'), 10) + 100;if(is_form){jQuery('#gform_wrapper_3').html(form_content.html());if(form_content.hasClass('gform_validation_error')){jQuery('#gform_wrapper_3').addClass('gform_validation_error');} else {jQuery('#gform_wrapper_3').removeClass('gform_validation_error');}setTimeout( function() { \/* delay the scroll by 50 milliseconds to fix a bug in chrome *\/  }, 50 );if(window['gformInitDatepicker']) {gformInitDatepicker();}if(window['gformInitPriceFields']) {gformInitPriceFields();}var current_page = jQuery('#gform_source_page_number_3').val();gformInitSpinner( 3, 'https:\/\/corsicalovers.fr\/wp-content\/plugins\/gravityforms\/images\/spinner.svg', true );jQuery(document).trigger('gform_page_loaded', [3, current_page]);window['gf_submitting_3'] = false;}else if(!is_redirect){var confirmation_content = jQuery(this).contents().find('.GF_AJAX_POSTBACK').html();if(!confirmation_content){confirmation_content = contents;}jQuery('#gform_wrapper_3').replaceWith(confirmation_content);jQuery(document).trigger('gform_confirmation_loaded', [3]);window['gf_submitting_3'] = false;wp.a11y.speak(jQuery('#gform_confirmation_message_3').text());}else{jQuery('#gform_3').append(contents);if(window['gformRedirect']) {gformRedirect();}}jQuery(document).trigger(\"gform_pre_post_render\", [{ formId: \"3\", currentPage: \"current_page\", abort: function() { this.preventDefault(); } }]);        if (event && event.defaultPrevented) {                return;        }        const gformWrapperDiv = document.getElementById( \"gform_wrapper_3\" );        if ( gformWrapperDiv ) {            const visibilitySpan = document.createElement( \"span\" );            visibilitySpan.id = \"gform_visibility_test_3\";            gformWrapperDiv.insertAdjacentElement( \"afterend\", visibilitySpan );        }        const visibilityTestDiv = document.getElementById( \"gform_visibility_test_3\" );        let postRenderFired = false;        function triggerPostRender() {            if ( postRenderFired ) {                return;            }            postRenderFired = true;            gform.core.triggerPostRenderEvents( 3, current_page );            if ( visibilityTestDiv ) {                visibilityTestDiv.parentNode.removeChild( visibilityTestDiv );            }        }        function debounce( func, wait, immediate ) {            var timeout;            return function() {                var context = this, args = arguments;                var later = function() {                    timeout = null;                    if ( !immediate ) func.apply( context, args );                };                var callNow = immediate && !timeout;                clearTimeout( timeout );                timeout = setTimeout( later, wait );                if ( callNow ) func.apply( context, args );            };        }        const debouncedTriggerPostRender = debounce( function() {            triggerPostRender();        }, 200 );        if ( visibilityTestDiv && visibilityTestDiv.offsetParent === null ) {            const observer = new MutationObserver( ( mutations ) => {                mutations.forEach( ( mutation ) => {                    if ( mutation.type === 'attributes' && visibilityTestDiv.offsetParent !== null ) {                        debouncedTriggerPostRender();                        observer.disconnect();                    }                });            });            observer.observe( document.body, {                attributes: true,                childList: false,                subtree: true,                attributeFilter: [ 'style', 'class' ],            });        } else {            triggerPostRender();        }    } );} );\n<\/script>\n<\/div>\n\n\n\n<div class=\"wp-block-column is-layout-flow wp-block-column-is-layout-flow\" style=\"flex-basis:42%\">\n<div class=\"wp-block-genesis-blocks-gb-container aligncenter newsletter-radius gb-block-container\"><div class=\"gb-container-inside\"><div class=\"gb-container-content\"><div class=\"wp-block-image newsletter-image\">\n<figure class=\"aligncenter size-full\"><img loading=\"lazy\" decoding=\"async\" width=\"729\" height=\"792\" src=\"https:\/\/corsicalovers.fr\/wp-content\/uploads\/2024\/01\/newsletter_FR_2.png\" alt=\"\" class=\"wp-image-10554\" srcset=\"https:\/\/corsicalovers.fr\/wp-content\/uploads\/2024\/01\/newsletter_FR_2.png 729w, https:\/\/corsicalovers.fr\/wp-content\/uploads\/2024\/01\/newsletter_FR_2-276x300.png 276w\" sizes=\"auto, (max-width: 729px) 100vw, 729px\" \/><\/figure>\n<\/div><\/div><\/div><\/div>\n<\/div>\n<\/div>\n<\/div><\/div><\/div>\n\n<h2 class=\"wp-block-heading\">La camera<\/h2>\n\n<p>Siamo rimasti entusiasti della nostra camera, che era contemporanea, elegante e chic! Ci \u00e8 piaciuta particolarmente la bellissima e moderna testata del letto in blu petrolio, che si abbina alle comode poltrone dell&#8217;area lounge e contrasta con le pareti bianche.<\/p>\n\n<figure class=\"wp-block-image size-large\"><img decoding=\"async\" src=\"https:\/\/photos.smugmug.com\/Corsica-Lovers\/Calvi\/H&#xF4;tels\/n-fZbRVb\/H&#xF4;tel-LOnda\/i-XVvhVrZ\/0\/927d6aa8\/L\/Ho&#x302;teOnda-Calvi-chambre-L.jpg\" alt=\"Vista della testata del letto.  \"\/><\/figure>\n\n<p>Entrando, siamo stati letteralmente travolti dalla magnifica vista sul mare e sulla pineta di Calvi. Era evidenziato dalla grande finestra a golfo arrotondata, circondata da tende delicate. Ci siamo sentiti come in una &#8216;bolla&#8217; serena.<\/p>\n\n<figure class=\"wp-block-image size-large\"><img decoding=\"async\" src=\"https:\/\/photos.smugmug.com\/Corsica-Lovers\/Calvi\/H&#xF4;tels\/n-fZbRVb\/H&#xF4;tel-LOnda\/i-5M8jSTP\/0\/ccf8ca20\/L\/Ho&#x302;teOnda-Calvi-chambre-4-L.jpg\" alt=\"Vista dell'area lounge.  \"\/><\/figure>\n\n<p>Lo stesso vale per il nostro balcone, che \u00e8 separato da quello dei vicini da un paravento e dispone di un tavolo e di sedie, perfetti per gustare un aperitivo ammirando un panorama eccezionale.<\/p>\n\n<figure class=\"wp-block-image size-large\"><img decoding=\"async\" src=\"https:\/\/photos.smugmug.com\/Corsica-Lovers\/Calvi\/H&#xF4;tels\/n-fZbRVb\/H&#xF4;tel-LOnda\/i-Ts8G69c\/0\/9e3ebe17\/L\/Ho&#x302;teOnda-Calvi-balcon-L.jpg\" alt=\"Vista del balcone.  \"\/><\/figure>\n\n<p>Alcuni elementi decorativi hanno attirato la nostra attenzione, come le lampade a forma di goccia ai lati della testata del letto e un quadro vintage nell&#8217;area lounge.<\/p>\n\n<figure class=\"wp-block-image size-large\"><img decoding=\"async\" src=\"https:\/\/photos.smugmug.com\/Corsica-Lovers\/Calvi\/H&#xF4;tels\/n-fZbRVb\/H&#xF4;tel-LOnda\/i-GDSjzdB\/0\/b05fdc04\/L\/Ho&#x302;teOnda-Calvi-chambre-1-L.jpg\" alt=\"Vista di un dipinto nella camera da letto.  \"\/><\/figure>\n\n<p>Infine, la nostra camera era ben attrezzata. Oltre a una scrivania altamente funzionale, un minibar, una cassaforte e armadi spaziosi, ci sono stati forniti un bollitore, 4 tazze, 2 bicchieri, una macchina per il caff\u00e8, t\u00e8 Dammann e zucchero.<\/p>\n\n<figure class=\"wp-block-image size-large\"><img decoding=\"async\" src=\"https:\/\/photos.smugmug.com\/Corsica-Lovers\/Calvi\/H&#xF4;tels\/n-fZbRVb\/H&#xF4;tel-LOnda\/i-gJMrCMJ\/0\/e62d5183\/L\/Ho&#x302;teOnda-Calvi-chambre-3-L.jpg\" alt=\"Vista dell'ufficio.  \"\/><\/figure>\n\n<hr class=\"wp-block-separator has-text-color has-black-color has-alpha-channel-opacity has-black-background-color has-background is-style-wide\"\/>\n\n<p class=\"has-text-align-center\"><a href=\"https:\/\/www.booking.com\/hotel\/fr\/onda.html?aid=2291718\" target=\"_blank\" rel=\"noreferrer noopener sponsored nofollow\">Verifichi la disponibilit\u00e0 dell&#8217;H\u00f4tel L&#8217;Onda<\/a>.<\/p>\n\n<hr class=\"wp-block-separator has-text-color has-black-color has-alpha-channel-opacity has-black-background-color has-background is-style-wide\"\/>\n\n<h2 class=\"wp-block-heading\">Il bagno<\/h2>\n\n<p>Come la camera da letto, abbiamo apprezzato il bagno, anch&#8217;esso contemporaneo e spazioso. L&#8217;atmosfera era chic, con piastrelle argentate e nere a motivi geometrici, in armonia con i raffinati mobili di design e le pareti piastrellate nere e rosa chiaro.<\/p>\n\n<figure class=\"wp-block-image size-large\"><img decoding=\"async\" src=\"https:\/\/photos.smugmug.com\/Corsica-Lovers\/Calvi\/H&#xF4;tels\/n-fZbRVb\/H&#xF4;tel-LOnda\/i-j6GV3Sr\/0\/9103ba64\/L\/Ho&#x302;teOnda-Calvi-sdb-1-L.jpg\" alt=\"Vista dei mobili del bagno.  \"\/><\/figure>\n\n<p>Il bagno era molto ben attrezzato, con una grande doccia walk-in e una vasca da bagno, sormontata da un&#8217;ampia finestra che dava sul balcone e sul mare.<\/p>\n\n<figure class=\"wp-block-image size-large\"><img decoding=\"async\" src=\"https:\/\/photos.smugmug.com\/Corsica-Lovers\/Calvi\/H&#xF4;tels\/n-fZbRVb\/H&#xF4;tel-LOnda\/i-QkKRSDX\/0\/e8cfe38d\/L\/Ho&#x302;teOnda-Calvi-sdb-L.jpg\" alt=\"Vista del bagno.  \"\/><\/figure>\n\n<p>La toilette del bagno era separata da essa da una porta scorrevole. Oltre all&#8217;asciugamano e all&#8217;asciugacapelli, avevamo anche un gel doccia, un sapone a base vegetale e una lozione per il corpo di <a href=\"https:\/\/www.groupegm.com\/marques_the-vert_101-101-fr.html\" target=\"_blank\" rel=\"noreferrer noopener nofollow\">Green Leaf<\/a>.<\/p>\n\n<figure class=\"wp-block-image size-large\"><img decoding=\"async\" src=\"https:\/\/photos.smugmug.com\/Corsica-Lovers\/Calvi\/H&#xF4;tels\/n-fZbRVb\/H&#xF4;tel-LOnda\/i-ZRwqddH\/0\/e243d605\/L\/Ho&#x302;teOnda-Calvi-sdb-3-L.jpg\" alt=\"Vista degli articoli da toilette.  \"\/><\/figure>\n\n<div style=\"margin-top:8%;margin-bottom:8%\" class=\"wp-block-genesis-blocks-gb-container box gb-block-container\"><div class=\"gb-container-inside\"><div class=\"gb-container-content\">\n<div class=\"wp-block-columns inverse box_planif is-layout-flex wp-container-core-columns-is-layout-9d6595d7 wp-block-columns-is-layout-flex\">\n<div class=\"wp-block-column texte_planif is-layout-flow wp-block-column-is-layout-flow\" style=\"flex-basis:58%\">\n<h5 class=\"titre_box\" style=\"padding-top:10px\">I NOSTRI CONSIGLI PER IL <span>NOLEGGIO DI<\/span> UN&#8217;AUTO IN <span class=\"titre_box_manuscrit\">Corsica<\/span><\/h5>\n\n\n\n<ul class=\"wp-block-list\" style=\"font-size:14px\">\n<li>Confronti i prezzi sulla nostra piattaforma preferita: <a href=\"https:\/\/www.discovercars.com\/it\/france?a_aid=zigzag&amp;chan=CL\" target=\"_blank\" rel=\"noreferrer noopener sponsored nofollow\">DiscoverCars<\/a> &#8211; uno dei siti meglio valutati.<\/li>\n\n\n\n<li>Scelga un&#8217;<strong>auto abbastanza potente <\/strong>(le strade sono ripide) ma <strong>compatta<\/strong> (alcuni passaggi sono stretti).<\/li>\n\n\n\n<li>Consideri un&#8217;<strong>assicurazione completa<\/strong> (alcune strade sono tortuose e strette).<\/li>\n\n\n\n<li>C&#8217;\u00e8 molta richiesta, quindi <strong>prenotate in anticipo<\/strong>.<\/li>\n<\/ul>\n<\/div>\n\n\n\n<div class=\"wp-block-column planif-radius-3 is-layout-flow wp-block-column-is-layout-flow\" style=\"flex-basis:42%\">\n<figure class=\"wp-block-image size-full is-resized\"><img loading=\"lazy\" decoding=\"async\" width=\"421\" height=\"533\" src=\"https:\/\/corsicalovers.fr\/wp-content\/uploads\/2023\/05\/conduite_vertical.png\" alt=\"\" class=\"wp-image-5418\" style=\"width:280px;height:354px\" title=\"\" srcset=\"https:\/\/corsicalovers.fr\/wp-content\/uploads\/2023\/05\/conduite_vertical.png 421w, https:\/\/corsicalovers.fr\/wp-content\/uploads\/2023\/05\/conduite_vertical-237x300.png 237w\" sizes=\"auto, (max-width: 421px) 100vw, 421px\" \/><\/figure>\n<\/div>\n<\/div>\n\n\n\n<div class=\"wp-block-columns is-layout-flex wp-container-core-columns-is-layout-9d6595d7 wp-block-columns-is-layout-flex\">\n<div class=\"wp-block-column is-layout-flow wp-block-column-is-layout-flow\">\n<div class=\"wp-block-buttons is-content-justification-center is-layout-flex wp-container-core-buttons-is-layout-16018d1d wp-block-buttons-is-layout-flex\">\n<div class=\"wp-block-button has-custom-font-size\" style=\"font-size:14px\"><a class=\"wp-block-button__link has-text-color has-link-color wp-element-button\" href=\"https:\/\/www.discovercars.com\/it\/france?a_aid=zigzag&amp;amp;chan=CL\" style=\"color:#ffffff\" target=\"_blank\" rel=\"noreferrer noopener nofollow\">Vedere le auto disponibili -&gt;<\/a><\/div>\n<\/div>\n<\/div>\n\n\n\n<div class=\"wp-block-column is-layout-flow wp-block-column-is-layout-flow\">\n<p class=\"has-text-align-center\" style=\"font-size:14px\"><a href=\"https:\/\/corsicalovers.fr\/it\/noleggiare-auto-corsica\/\" target=\"_blank\" rel=\"noreferrer noopener\"><strong>Veda tutti i nostri consigli<\/strong><\/a><\/p>\n<\/div>\n<\/div>\n<\/div><\/div><\/div>\n\n<h2 class=\"wp-block-heading\">Colazione<\/h2>\n\n<p>La colazione in questo alloggio \u00e8 un buffet vario e delizioso, con prodotti corsi come formaggi, yogurt di capra, torte tradizionali, miele e crema di castagne. L&#8217;accoglienza avviene tra le 7.00 e le 10.30.<\/p>\n\n<figure class=\"wp-block-image size-large\"><img decoding=\"async\" src=\"https:\/\/photos.smugmug.com\/Corsica-Lovers\/Calvi\/H&#xF4;tels\/n-fZbRVb\/H&#xF4;tel-LOnda\/i-5CPj4dT\/0\/3dd9794b\/L\/Ho&#x302;teOnda-Calvi-produitscorses-L.jpg\" alt=\"Prodotti corsi.  \"\/><\/figure>\n\n<p>Siamo stati conquistati dalla variet\u00e0 di prodotti offerti, sia dolci (pasticcini, cereali, marmellate, Nutella, crema di castagne, miele, pancake, cr\u00eapes, latticini) che salati (formaggi, salumi, uova).<\/p>\n\n<figure class=\"wp-block-image size-large\"><img decoding=\"async\" src=\"https:\/\/photos.smugmug.com\/Corsica-Lovers\/Calvi\/H&#xF4;tels\/n-fZbRVb\/H&#xF4;tel-LOnda\/i-g8STcjV\/0\/670ce098\/L\/Ho&#x302;teOnda-Calvi-produitsucre&#x301;s-L.jpg\" alt=\"Vista dei prodotti per la colazione dolce.  \"\/><\/figure>\n\n<p>L&#8217;area della colazione \u00e8 stata davvero di nostro gusto, permettendoci di andare e venire a nostro piacimento dalla terrazza per goderci il sole del mattino sulla pineta.<\/p>\n\n<figure class=\"wp-block-image size-large\"><img decoding=\"async\" src=\"https:\/\/photos.smugmug.com\/Corsica-Lovers\/Calvi\/H&#xF4;tels\/n-fZbRVb\/H&#xF4;tel-LOnda\/i-qCjRzpr\/0\/3250522e\/L\/Ho&#x302;teOnda-Calvi-terrassearrie&#x300;re-L.jpg\" alt=\"Vista della terrazza.  \"\/><\/figure>\n\n<div style=\"background-color:#fefefe;margin-top:6%;margin-bottom:6%\" class=\"wp-block-genesis-blocks-gb-container box gb-block-container\"><div class=\"gb-container-inside\"><div class=\"gb-container-content\" style=\"max-width:700px\">\n<div class=\"wp-block-columns inverse box_planif is-layout-flex wp-container-core-columns-is-layout-9d6595d7 wp-block-columns-is-layout-flex\">\n<div class=\"wp-block-column texte_planif is-layout-flow wp-block-column-is-layout-flow\" style=\"flex-basis:58%\">\n<h5 class=\"titre_box\" style=\"padding-top:10px\">UTILIZZI LA NOSTRA GUIDA PER PIANIFICARE UN  <br\/><span>Viaggio<\/span> da sogno in <span class=\"titre_box_manuscrit\">Corsica<\/span><\/h5>\n\n\n\n<p style=\"font-size:14px\">Tutte le informazioni necessarie per il suo viaggio:<\/p>\n\n\n\n<ul class=\"wp-block-list\" style=\"font-size:14px\">\n<li>7 mappe che facilitano la pianificazione<\/li>\n\n\n\n<li>130+ localit\u00e0 preselezionate<\/li>\n\n\n\n<li>Consigli pratici<\/li>\n\n\n\n<li>+ 220 foto per aiutarla a scegliere<\/li>\n<\/ul>\n\n\n\n<div class=\"wp-block-buttons has-custom-font-size bouton_10 is-content-justification-center is-layout-flex wp-container-core-buttons-is-layout-14c487f4 wp-block-buttons-is-layout-flex\" style=\"font-size:13px\">\n<div class=\"wp-block-button has-custom-font-size\" style=\"font-size:14px\"><a class=\"wp-block-button__link has-white-color has-text-color wp-element-button\" href=\"https:\/\/corsicalovers.fr\/it\/ebook-guida-road-trip-corsica\/\" style=\"border-radius:4px\" target=\"_blank\" rel=\"noreferrer noopener\">Scoprire<strong>   <\/strong><img loading=\"lazy\" decoding=\"async\" width=\"16\" height=\"17\" class=\"wp-image-3266 img_fleche\" style=\"width: 16px;  \" src=\"https:\/\/corsicalovers.fr\/wp-content\/uploads\/2023\/03\/ArrowRight.png\" alt=\"freccia\"\/><\/a><\/div>\n<\/div>\n<\/div>\n\n\n\n<div class=\"wp-block-column is-layout-flow wp-block-column-is-layout-flow\" style=\"flex-basis:42%\">\n<div class=\"wp-block-genesis-blocks-gb-container ebook-radius gb-block-container\"><div class=\"gb-container-inside\"><div class=\"gb-container-content\"><div class=\"wp-block-image ebook-image\">\n<figure class=\"aligncenter size-full is-resized\"><img loading=\"lazy\" decoding=\"async\" src=\"https:\/\/corsicalovers.fr\/wp-content\/uploads\/2023\/03\/Box-Ebook-Corsica-IT.png\" alt=\"Box Ebook Corsica FR\" class=\"wp-image-3944\" width=\"209\" height=\"157\"\/><\/figure>\n<\/div><\/div><\/div><\/div>\n<\/div>\n<\/div>\n<\/div><\/div><\/div>\n\n<h2 class=\"wp-block-heading\">Attrezzature e aree comuni<\/h2>\n\n<p>Questo hotel offre una serie di servizi che non mancheranno di soddisfarla:<\/p>\n\n<ul class=\"wp-block-list\">\n<li>una reception con una serie di opuscoli turistici per aiutarla a organizzare il suo soggiorno e a scegliere le sue attivit\u00e0,<\/li>\n\n\n\n<li>un&#8217;area di ristorazione per la colazione,<\/li>\n\n\n\n<li>una terrazza sul retro dell&#8217;hotel,<\/li>\n\n\n\n<li>una terrazza nella parte anteriore dell&#8217;hotel.<\/li>\n<\/ul>\n\n<figure class=\"wp-block-image size-large\"><img decoding=\"async\" src=\"https:\/\/photos.smugmug.com\/Corsica-Lovers\/Calvi\/H&#xF4;tels\/n-fZbRVb\/H&#xF4;tel-LOnda\/i-c2RzCMm\/0\/7001ef84\/L\/Ho&#x302;teOnda-Calvi-terrassedevant-1-L.jpg\" alt=\"vista della terrazza anteriore dell'hotel.\"\/><\/figure>\n\n<ul class=\"wp-block-list\">\n<li>parcheggio privato e sicuro,<\/li>\n\n\n\n<li>accesso alla spiaggia,<\/li>\n\n\n\n<li>servizi igienici e docce al piano terra, ideali se \u00e8 appena tornato dalla spiaggia ma ha gi\u00e0 rinunciato alla sua camera!<\/li>\n\n\n\n<li>un piano terra con diversi salotti dove pu\u00f2 trovare dei giornali.<\/li>\n<\/ul>\n\n<figure class=\"wp-block-image size-large\"><img decoding=\"async\" src=\"https:\/\/photos.smugmug.com\/Corsica-Lovers\/Calvi\/H&#xF4;tels\/n-fZbRVb\/H&#xF4;tel-LOnda\/i-bFScmGh\/0\/1b71a76f\/L\/Ho&#x302;teOnda-Calvi-chaisebebe-1-L.jpg\" alt=\"Vista delle toilette.  \"\/><\/figure>\n\n<p>Sono disponibili anche una serie di servizi per rendere il suo soggiorno il pi\u00f9 semplice possibile:<\/p>\n\n<ul class=\"wp-block-list\">\n<li>un servizio di lavanderia,<\/li>\n\n\n\n<li>un servizio di deposito bagagli,<\/li>\n\n\n\n<li>connessione wi-fi gratuita,<\/li>\n\n\n\n<li>assistenza ai bambini su richiesta.<\/li>\n<\/ul>\n\n<figure class=\"wp-block-image size-large\"><img decoding=\"async\" src=\"https:\/\/photos.smugmug.com\/Corsica-Lovers\/Calvi\/H&#xF4;tels\/n-fZbRVb\/H&#xF4;tel-LOnda\/i-GTRMvVn\/0\/6c27aaa0\/L\/Ho&#x302;teOnda-Calvi-re&#x301;ception-L.jpg\" alt=\"Vista della reception.  \"\/><\/figure>\n\n<div style=\"background-color:#fefefe;margin-top:6%;margin-bottom:6%\" class=\"wp-block-genesis-blocks-gb-container box gb-block-container\"><div class=\"gb-container-inside\"><div class=\"gb-container-content\" style=\"max-width:700px\">\n<div class=\"wp-block-columns inverse is-layout-flex wp-container-core-columns-is-layout-9d6595d7 wp-block-columns-is-layout-flex\">\n<div class=\"wp-block-column texte_planif is-layout-flow wp-block-column-is-layout-flow\" style=\"flex-basis:58%\">\n<h5 class=\"titre_box\" style=\"padding-top:10px; line-height:40px;\"><span class=\"titre_box_manuscrit\">Non faccia <\/span> <br\/>IL NOSTRO STESSO <span>ERRORE<\/span> <\/h5>\n\n\n\n<p style=\"font-size:14px\">Durante uno dei nostri recenti viaggi in Europa, un hacker ha <strong>rubato<\/strong> i dati della carta di credito mentre stavamo utilizzando il WiFi di un hotel.<br\/>Cos\u00ec il nostro viaggio \u00e8 iniziato con una <strong>chiamata &#8220;carta bloccata&#8221;<\/strong>&#8230; Per niente divertente!<br\/>Imparate dal nostro errore, fate un <a href=\"https:\/\/go.nordvpn.net\/aff_c?offer_id=15&amp;aff_id=8928&amp;source=CL\" target=\"_blank\" rel=\"noreferrer noopener\">piccolo investimento in VPN per navigare senza preoccupazioni<\/a>.<\/p>\n\n\n\n<div class=\"wp-block-buttons has-custom-font-size bouton_20 is-content-justification-center is-layout-flex wp-container-core-buttons-is-layout-14c487f4 wp-block-buttons-is-layout-flex\" style=\"font-size:13px\">\n<div class=\"wp-block-button has-custom-font-size\" style=\"font-size:14px\"><a class=\"wp-block-button__link has-white-color has-text-color wp-element-button\" href=\"https:\/\/go.nordvpn.net\/aff_c?offer_id=15&amp;aff_id=8928&amp;source=CL\" style=\"border-radius:4px\" target=\"_blank\" rel=\"noreferrer noopener\">Guarda la nostra offerta VPN preferita<strong>   <\/strong><img loading=\"lazy\" decoding=\"async\" width=\"16\" height=\"17\" class=\"wp-image-3266 img_fleche\" style=\"width: 16px;  \" src=\"https:\/\/corsicalovers.fr\/wp-content\/uploads\/2023\/03\/ArrowRight.png\" alt=\"freccia\"\/><\/a><\/div>\n<\/div>\n<\/div>\n\n\n\n<div class=\"wp-block-column is-layout-flow wp-block-column-is-layout-flow\" style=\"flex-basis:42%\">\n<div class=\"wp-block-genesis-blocks-gb-container ebook-radius gb-block-container\"><div class=\"gb-container-inside\"><div class=\"gb-container-content\"><div class=\"wp-block-image\">\n<figure class=\"aligncenter size-full is-resized\"><img loading=\"lazy\" decoding=\"async\" src=\"https:\/\/corsicalovers.fr\/wp-content\/uploads\/2023\/05\/CB.png\" alt=\"\" class=\"wp-image-5557\" width=\"140\" height=\"111\"\/><\/figure>\n<\/div><\/div><\/div><\/div>\n<\/div>\n<\/div>\n<\/div><\/div><\/div>\n\n<h2 class=\"wp-block-heading\">Restauro<\/h2>\n\n<p>A parte la colazione servita nella sala da pranzo o in camera, non ci sono altri servizi di ristorazione.<\/p>\n\n<h2 class=\"wp-block-heading\">Informazioni pratiche su H\u00f4tel L&#8217;Onda a Calvi<\/h2>\n\n<h3 class=\"wp-block-heading\">Tipo<\/h3>\n\n<p>L&#8217;H\u00f4tel L&#8217;Onda offre una sistemazione confortevole e lussuosa a 3 stelle con un ottimo rapporto qualit\u00e0-prezzo.<\/p>\n\n<hr class=\"wp-block-separator has-text-color has-black-color has-alpha-channel-opacity has-black-background-color has-background is-style-wide\"\/>\n\n<p><strong>Per saperne di pi\u00f9:<\/strong><\/p>\n\n<ul class=\"wp-block-list\">\n<li><a href=\"https:\/\/www.booking.com\/hotel\/fr\/onda.html?aid=2291718\" target=\"_blank\" rel=\"noreferrer noopener sponsored nofollow\">Veda le offerte attuali dell&#8217;Hotel L&#8217;Onda.<\/a><\/li>\n<\/ul>\n\n<hr class=\"wp-block-separator has-text-color has-alpha-channel-opacity has-background is-style-wide\" style=\"background-color:#010101;color:#010101\"\/>\n\n<h3 class=\"wp-block-heading\">Dove si trova l&#8217;hotel<\/h3>\n\n<p>L&#8217;H\u00f4tel L&#8217;Onda si trova a Calvi, nella Corsica del Nord, a circa 2,5 km dal centro citt\u00e0. Si trova al seguente indirizzo: Avenue Christophe Colomb, BP8, 20260 Calvi, Francia.<\/p>\n\n<ul class=\"wp-block-list\">\n<li>Tempo di guida da Porto-Vecchio: 3h20min.<\/li>\n\n\n\n<li>Tempo di percorrenza da Ajaccio: 2h55min.<\/li>\n\n\n\n<li>Tempo di guida da Bastia: 1h55min.<\/li>\n\n\n\n<li>Tempo di guida da Corte: 1h20min.<\/li>\n<\/ul>\n\n<p>Questi tempi di percorrenza sono approssimativi e dipendono dalla densit\u00e0 del traffico.<\/p>\n\n<h3 class=\"wp-block-heading\">Come arrivare<\/h3>\n\n<p>Per arrivare a Calvi, le consigliamo di partire in auto da Bastia. Bastia \u00e8 raggiungibile in aereo o in traghetto. Per aiutarla a fare la scelta giusta, legga il <a href=\"https:\/\/corsicalovers.fr\/it\/como-arrivare-corsica\/\" target=\"_blank\" rel=\"noreferrer noopener\">nostro articolo che mette a confronto<\/a> queste due soluzioni.<\/p>\n\n<p>Se non ha un&#8217;auto, pu\u00f2 raggiungere Calvi in treno. C&#8217;\u00e8 una linea che collega Ponte Leccia a Calvi in circa 1 ora. Dovr\u00e0 prendere un altro treno tra Ponte Leccia e Bastia. Per saperne di pi\u00f9 su orari e tariffe, consulti il <a href=\"https:\/\/www.train-corse.com\/fr\/le-r%C3%A9seau\" target=\"_blank\" rel=\"noreferrer noopener nofollow\">sito web<\/a> delle Ferrovie della Corsica. La stazione ferroviaria di Calvi si trova a 12 minuti a piedi dall&#8217;hotel.<\/p>\n\n<p>Infine, Calvi ha un proprio aeroporto, che serve citt\u00e0 del sud della Francia come Marsiglia e Nizza. Avr\u00e0 bisogno di un&#8217;auto per spostarsi facilmente nel resto della Corsica. Legga il <a href=\"https:\/\/corsicalovers.fr\/it\/noleggiare-auto-aeroporto-calvi-corsica\/\" target=\"_blank\" rel=\"noreferrer noopener\">nostro articolo<\/a> sul noleggio auto all&#8217;aeroporto di Calvi.<\/p>\n\n<div style=\"margin-top:8%;margin-bottom:8%\" class=\"wp-block-genesis-blocks-gb-container box gb-block-container\"><div class=\"gb-container-inside\"><div class=\"gb-container-content\" style=\"max-width:700px\">\n<div class=\"wp-block-genesis-blocks-gb-container box_titre gb-block-container\"><div class=\"gb-container-inside\"><div class=\"gb-container-content\">\n<h5 class=\"titre_box titre_box_une\">COME ARRIVARE IN <span class=\"titre_box_manuscrit\">Corsica<\/span><\/h5>\n<\/div><\/div><\/div>\n\n\n\n<hr class=\"wp-block-separator has-text-color has-alpha-channel-opacity has-background is-style-wide hr-box-planif\" style=\"background-color:#ccd3dd;color:#ccd3dd\"\/>\n\n\n\n<div class=\"wp-block-columns is-not-stacked-on-mobile box_option is-layout-flex wp-container-core-columns-is-layout-9d6595d7 wp-block-columns-is-layout-flex\">\n<div class=\"wp-block-column img_icone is-layout-flow wp-block-column-is-layout-flow\" style=\"flex-basis:10%\">\n<figure class=\"wp-block-image size-large is-resized image_icone\"><img loading=\"lazy\" decoding=\"async\" src=\"https:\/\/corsicalovers.fr\/wp-content\/uploads\/2023\/04\/RL-pictogrammes_Ferry-Corsica-1024x1024.png\" alt=\"\" class=\"wp-image-4340\" width=\"67\" height=\"67\" srcset=\"https:\/\/corsicalovers.fr\/wp-content\/uploads\/2023\/04\/RL-pictogrammes_Ferry-Corsica-1024x1024.png 1024w, https:\/\/corsicalovers.fr\/wp-content\/uploads\/2023\/04\/RL-pictogrammes_Ferry-Corsica-300x300.png 300w, https:\/\/corsicalovers.fr\/wp-content\/uploads\/2023\/04\/RL-pictogrammes_Ferry-Corsica-150x150.png 150w, https:\/\/corsicalovers.fr\/wp-content\/uploads\/2023\/04\/RL-pictogrammes_Ferry-Corsica-768x767.png 768w, https:\/\/corsicalovers.fr\/wp-content\/uploads\/2023\/04\/RL-pictogrammes_Ferry-Corsica-75x75.png 75w, https:\/\/corsicalovers.fr\/wp-content\/uploads\/2023\/04\/RL-pictogrammes_Ferry-Corsica-600x600.png 600w, https:\/\/corsicalovers.fr\/wp-content\/uploads\/2023\/04\/RL-pictogrammes_Ferry-Corsica.png 1043w\" sizes=\"auto, (max-width: 67px) 100vw, 67px\" \/><\/figure>\n<\/div>\n\n\n\n<div class=\"wp-block-column is-vertically-aligned-center is-layout-flow wp-block-column-is-layout-flow\" style=\"flex-basis:90%\">\n<p><strong>Opzione 1: in traghetto<\/strong><\/p>\n<\/div>\n<\/div>\n\n\n\n<div class=\"wp-block-genesis-blocks-gb-container bloc_aller gb-block-container\"><div class=\"gb-container-inside\"><div class=\"gb-container-content\">\n<p>Partenza dalla Francia e dall&#8217;Italia<\/p>\n\n\n\n<ul class=\"wp-block-list\">\n<li>Scopra <a href=\"https:\/\/corsicalovers.fr\/it\/traghetti-per-corsica-ferry\/\" target=\"_blank\" rel=\"noreferrer noopener sponsored nofollow\">tutte le opzioni di traghetto<\/a> nel nostro articolo<\/li>\n\n\n\n<li>Confronta direttamente <a href=\"https:\/\/www.directferries.fr\/corse.htm?dfpid=1915&amp;affid=20\" target=\"_blank\" rel=\"noreferrer noopener sponsored nofollow\">orari, prezzi e disponibilit\u00e0<\/a><\/li>\n<\/ul>\n\n\n\n<p>Vantaggio: pu\u00f2 portare con s\u00e9 la sua auto!<\/p>\n<\/div><\/div><\/div>\n\n\n\n<hr class=\"wp-block-separator has-text-color has-alpha-channel-opacity has-background is-style-wide hr-box-planif\" style=\"background-color:#ccd3dd;color:#ccd3dd\"\/>\n\n\n\n<div class=\"wp-block-columns is-not-stacked-on-mobile box_option is-layout-flex wp-container-core-columns-is-layout-9d6595d7 wp-block-columns-is-layout-flex\">\n<div class=\"wp-block-column img_icone is-layout-flow wp-block-column-is-layout-flow\" style=\"flex-basis:10%\">\n<figure class=\"wp-block-image size-large is-resized image_icone\"><img loading=\"lazy\" decoding=\"async\" src=\"https:\/\/corsicalovers.fr\/wp-content\/uploads\/2023\/04\/RL-pictogrammes_Aeroport-Corsica-1024x1024.png\" alt=\"\" class=\"wp-image-4347\" width=\"67\" height=\"67\" srcset=\"https:\/\/corsicalovers.fr\/wp-content\/uploads\/2023\/04\/RL-pictogrammes_Aeroport-Corsica-1024x1024.png 1024w, https:\/\/corsicalovers.fr\/wp-content\/uploads\/2023\/04\/RL-pictogrammes_Aeroport-Corsica-300x300.png 300w, https:\/\/corsicalovers.fr\/wp-content\/uploads\/2023\/04\/RL-pictogrammes_Aeroport-Corsica-150x150.png 150w, https:\/\/corsicalovers.fr\/wp-content\/uploads\/2023\/04\/RL-pictogrammes_Aeroport-Corsica-768x768.png 768w, https:\/\/corsicalovers.fr\/wp-content\/uploads\/2023\/04\/RL-pictogrammes_Aeroport-Corsica-75x75.png 75w, https:\/\/corsicalovers.fr\/wp-content\/uploads\/2023\/04\/RL-pictogrammes_Aeroport-Corsica-600x600.png 600w, https:\/\/corsicalovers.fr\/wp-content\/uploads\/2023\/04\/RL-pictogrammes_Aeroport-Corsica.png 1043w\" sizes=\"auto, (max-width: 67px) 100vw, 67px\" \/><\/figure>\n<\/div>\n\n\n\n<div class=\"wp-block-column is-vertically-aligned-center is-layout-flow wp-block-column-is-layout-flow\" style=\"flex-basis:90%\">\n<p><strong>Opzione 2: in aereo<\/strong><\/p>\n<\/div>\n<\/div>\n\n\n\n<div class=\"wp-block-genesis-blocks-gb-container bloc_aller gb-block-container\"><div class=\"gb-container-inside\"><div class=\"gb-container-content\">\n<p>Gli aeroporti di Bastia, per visitare il Nord, Figari per visitare il Sud, o Ajaccio comodo per tutta la Corsica.<br\/><a href=\"https:\/\/skyscanner.pxf.io\/c\/2838839\/1027991\/13416?associateid=AFF_TRA_19354_00001\" target=\"_blank\" rel=\"noreferrer noopener\">Confronta i voli!<\/a><\/p>\n<\/div><\/div><\/div>\n<\/div><\/div><\/div>\n\n<h3 class=\"wp-block-heading\">Parcheggio<\/h3>\n\n<p>Un parcheggio privato e sicuro \u00e8 disponibile appositamente per gli ospiti dell&#8217;hotel. \u00c8 grande, con spazi riservati alle persone a mobilit\u00e0 ridotta.<\/p>\n\n<figure class=\"wp-block-image size-large\"><img decoding=\"async\" src=\"https:\/\/photos.smugmug.com\/Corsica-Lovers\/Calvi\/H&#xF4;tels\/n-fZbRVb\/H&#xF4;tel-LOnda\/i-r5zWT9g\/0\/45deb8e0\/L\/Ho&#x302;teOnda-Calvi-parking-L.jpg\" alt=\"Vista del parcheggio.  \"\/><\/figure>\n\n<div style=\"margin-top:8%;margin-bottom:8%\" class=\"wp-block-genesis-blocks-gb-container box gb-block-container\"><div class=\"gb-container-inside\"><div class=\"gb-container-content\">\n<div class=\"wp-block-columns inverse box_planif is-layout-flex wp-container-core-columns-is-layout-9d6595d7 wp-block-columns-is-layout-flex\">\n<div class=\"wp-block-column texte_planif is-layout-flow wp-block-column-is-layout-flow\" style=\"flex-basis:58%\">\n<h5 class=\"titre_box\" style=\"padding-top:10px\">I NOSTRI CONSIGLI PER IL <span>NOLEGGIO DI<\/span> UN&#8217;AUTO IN <span class=\"titre_box_manuscrit\">Corsica<\/span><\/h5>\n\n\n\n<ul class=\"wp-block-list\" style=\"font-size:14px\">\n<li>Confronti i prezzi sulla nostra piattaforma preferita: <a href=\"https:\/\/www.discovercars.com\/it\/france?a_aid=zigzag&amp;chan=CL\" target=\"_blank\" rel=\"noreferrer noopener sponsored nofollow\">DiscoverCars<\/a> &#8211; uno dei siti meglio valutati.<\/li>\n\n\n\n<li>Scelga un&#8217;<strong>auto abbastanza potente <\/strong>(le strade sono ripide) ma <strong>compatta<\/strong> (alcuni passaggi sono stretti).<\/li>\n\n\n\n<li>Consideri un&#8217;<strong>assicurazione completa<\/strong> (alcune strade sono tortuose e strette).<\/li>\n\n\n\n<li>C&#8217;\u00e8 molta richiesta, quindi <strong>prenotate in anticipo<\/strong>.<\/li>\n<\/ul>\n<\/div>\n\n\n\n<div class=\"wp-block-column planif-radius-3 is-layout-flow wp-block-column-is-layout-flow\" style=\"flex-basis:42%\">\n<figure class=\"wp-block-image size-full is-resized\"><img loading=\"lazy\" decoding=\"async\" width=\"421\" height=\"533\" src=\"https:\/\/corsicalovers.fr\/wp-content\/uploads\/2023\/05\/conduite_vertical.png\" alt=\"\" class=\"wp-image-5418\" style=\"width:280px;height:354px\" title=\"\" srcset=\"https:\/\/corsicalovers.fr\/wp-content\/uploads\/2023\/05\/conduite_vertical.png 421w, https:\/\/corsicalovers.fr\/wp-content\/uploads\/2023\/05\/conduite_vertical-237x300.png 237w\" sizes=\"auto, (max-width: 421px) 100vw, 421px\" \/><\/figure>\n<\/div>\n<\/div>\n\n\n\n<div class=\"wp-block-columns is-layout-flex wp-container-core-columns-is-layout-9d6595d7 wp-block-columns-is-layout-flex\">\n<div class=\"wp-block-column is-layout-flow wp-block-column-is-layout-flow\">\n<div class=\"wp-block-buttons is-content-justification-center is-layout-flex wp-container-core-buttons-is-layout-16018d1d wp-block-buttons-is-layout-flex\">\n<div class=\"wp-block-button has-custom-font-size\" style=\"font-size:14px\"><a class=\"wp-block-button__link has-text-color has-link-color wp-element-button\" href=\"https:\/\/www.discovercars.com\/it\/france?a_aid=zigzag&amp;amp;chan=CL\" style=\"color:#ffffff\" target=\"_blank\" rel=\"noreferrer noopener nofollow\">Vedere le auto disponibili -&gt;<\/a><\/div>\n<\/div>\n<\/div>\n\n\n\n<div class=\"wp-block-column is-layout-flow wp-block-column-is-layout-flow\">\n<p class=\"has-text-align-center\" style=\"font-size:14px\"><a href=\"https:\/\/corsicalovers.fr\/it\/noleggiare-auto-corsica\/\" target=\"_blank\" rel=\"noreferrer noopener\"><strong>Veda tutti i nostri consigli<\/strong><\/a><\/p>\n<\/div>\n<\/div>\n<\/div><\/div><\/div>\n\n<h3 class=\"wp-block-heading\">Per le persone con mobilit\u00e0 ridotta<\/h3>\n\n<p>L&#8217;hotel dispone di camere accessibili alle persone con mobilit\u00e0 ridotta. Per ulteriori dettagli, la preghiamo di contattare la struttura.<\/p>\n\n<figure class=\"wp-block-image size-large\"><img decoding=\"async\" src=\"https:\/\/photos.smugmug.com\/Corsica-Lovers\/Calvi\/H&#xF4;tels\/n-fZbRVb\/H&#xF4;tel-LOnda\/i-nDGV63k\/0\/c1ea1771\/L\/Ho&#x302;teOnda-Calvi-rampepmr-L.jpg\" alt=\"Vista della rampa di accesso al PRM.  \"\/><\/figure>\n\n<h3 class=\"wp-block-heading\">L&#8217;H\u00f4tel L&#8217;Onda \u00e8 adatto alle famiglie?<\/h3>\n\n<p>Purtroppo, questa struttura non dispone di camere familiari. Le consigliamo di scegliere un altro hotel della nostra <a href=\"https:\/\/corsicalovers.fr\/it\/miglior-hotel-calvi-dov-alloggiare\/\" target=\"_blank\" rel=\"noreferrer noopener\">selezione<\/a> a Calvi. Tuttavia, i bambini sono i benvenuti: sono disponibili seggioloni e un servizio di babysitting (su richiesta).<\/p>\n\n<figure class=\"wp-block-image size-large\"><img decoding=\"async\" src=\"https:\/\/photos.smugmug.com\/Corsica-Lovers\/Calvi\/H&#xF4;tels\/n-fZbRVb\/H&#xF4;tel-LOnda\/i-2FTpFhN\/0\/af76eb87\/L\/Ho&#x302;teOnda-Calvi-chaisebebe-L.jpg\" alt=\"Vista della sedia per bambini.  \"\/><\/figure>\n\n<p><em>Tutti i consigli di questo articolo sono stati messi in parole con l&#8217;aiuto di Fanny.<\/em><\/p>\n","protected":false},"excerpt":{"rendered":"<p>Soggiornare all&#8217;H\u00f4tel L&#8217;Onda a Calvi \u00e8 stata un&#8217;esperienza fantastica. Siamo rimasti colpiti dall&#8217;arredamento contemporaneo delle camere e delle aree comuni. La vista dal nostro balcone sulle acque turchesi di Calvi era eccezionale! La posizione consente di raggiungere a piedi il centro di Calvi in 15 minuti e la spiaggia \u00e8 a soli 30 metri di [&hellip;]<\/p>\n","protected":false},"author":1,"featured_media":7756,"comment_status":"closed","ping_status":"closed","sticky":false,"template":"","format":"standard","meta":{"_genesis_hide_title":false,"_genesis_hide_breadcrumbs":false,"_genesis_hide_singular_image":false,"_genesis_hide_footer_widgets":false,"_genesis_custom_body_class":"","_genesis_custom_post_class":"","_genesis_layout":"","footnotes":""},"categories":[110],"tags":[],"class_list":{"0":"post-7825","1":"post","2":"type-post","3":"status-publish","4":"format-standard","5":"has-post-thumbnail","7":"category-calvi-e-dintorni-it","8":"entry"},"yoast_head":"<!-- This site is optimized with the Yoast SEO plugin v27.2 - https:\/\/yoast.com\/product\/yoast-seo-wordpress\/ -->\n<title>Soggiorno presso H\u00f4tel L&#039;Onda (Calvi): recensione + foto<\/title>\n<meta name=\"description\" content=\"Scopra la nostra recensione e le foto dell&#039;hotel l&#039;Onda a Calvi, la sua vista sul mare, la sua posizione e il suo superbo arredamento!\" \/>\n<meta name=\"robots\" content=\"index, follow, max-snippet:-1, max-image-preview:large, max-video-preview:-1\" \/>\n<link rel=\"canonical\" href=\"https:\/\/corsicalovers.fr\/it\/hotel-onda-calvi-recensione\/\" \/>\n<meta property=\"og:locale\" content=\"it_IT\" \/>\n<meta property=\"og:type\" content=\"article\" \/>\n<meta property=\"og:title\" content=\"Soggiorno presso H\u00f4tel L&#039;Onda (Calvi): recensione + foto\" \/>\n<meta property=\"og:description\" content=\"Scopra la nostra recensione e le foto dell&#039;hotel l&#039;Onda a Calvi, la sua vista sul mare, la sua posizione e il suo superbo arredamento!\" \/>\n<meta property=\"og:url\" content=\"https:\/\/corsicalovers.fr\/it\/hotel-onda-calvi-recensione\/\" \/>\n<meta property=\"og:site_name\" content=\"Corsica Lovers\" \/>\n<meta property=\"article:published_time\" content=\"2023-06-23T14:15:09+00:00\" \/>\n<meta property=\"article:modified_time\" content=\"2023-06-25T09:03:53+00:00\" \/>\n<meta property=\"og:image\" content=\"https:\/\/corsicalovers.fr\/wp-content\/uploads\/2023\/06\/hotel-onda-calvi-recensione.jpg\" \/>\n\t<meta property=\"og:image:width\" content=\"800\" \/>\n\t<meta property=\"og:image:height\" content=\"600\" \/>\n\t<meta property=\"og:image:type\" content=\"image\/jpeg\" \/>\n<meta name=\"author\" content=\"Claire ROBINSON\" \/>\n<meta name=\"twitter:card\" content=\"summary_large_image\" \/>\n<meta name=\"twitter:label1\" content=\"Scritto da\" \/>\n\t<meta name=\"twitter:data1\" content=\"Claire ROBINSON\" \/>\n\t<meta name=\"twitter:label2\" content=\"Tempo di lettura stimato\" \/>\n\t<meta name=\"twitter:data2\" content=\"6 minuti\" \/>\n<script type=\"application\/ld+json\" class=\"yoast-schema-graph\">{\"@context\":\"https:\/\/schema.org\",\"@graph\":[{\"@type\":\"Article\",\"@id\":\"https:\/\/corsicalovers.fr\/it\/hotel-onda-calvi-recensione\/#article\",\"isPartOf\":{\"@id\":\"https:\/\/corsicalovers.fr\/it\/hotel-onda-calvi-recensione\/\"},\"author\":{\"name\":\"Claire ROBINSON\",\"@id\":\"https:\/\/corsicalovers.fr\/it\/#\/schema\/person\/d6672b28be42a560d2d402b024bd15ff\"},\"headline\":\"Soggiorno presso H\u00f4tel L&#8217;Onda (Calvi): recensione + foto\",\"datePublished\":\"2023-06-23T14:15:09+00:00\",\"dateModified\":\"2023-06-25T09:03:53+00:00\",\"mainEntityOfPage\":{\"@id\":\"https:\/\/corsicalovers.fr\/it\/hotel-onda-calvi-recensione\/\"},\"wordCount\":1359,\"publisher\":{\"@id\":\"https:\/\/corsicalovers.fr\/it\/#organization\"},\"image\":{\"@id\":\"https:\/\/corsicalovers.fr\/it\/hotel-onda-calvi-recensione\/#primaryimage\"},\"thumbnailUrl\":\"https:\/\/corsicalovers.fr\/wp-content\/uploads\/2023\/06\/hotel-onda-calvi-recensione.jpg\",\"articleSection\":[\"Calvi e dintorni\"],\"inLanguage\":\"it-IT\"},{\"@type\":\"WebPage\",\"@id\":\"https:\/\/corsicalovers.fr\/it\/hotel-onda-calvi-recensione\/\",\"url\":\"https:\/\/corsicalovers.fr\/it\/hotel-onda-calvi-recensione\/\",\"name\":\"Soggiorno presso H\u00f4tel L'Onda (Calvi): recensione + foto\",\"isPartOf\":{\"@id\":\"https:\/\/corsicalovers.fr\/it\/#website\"},\"primaryImageOfPage\":{\"@id\":\"https:\/\/corsicalovers.fr\/it\/hotel-onda-calvi-recensione\/#primaryimage\"},\"image\":{\"@id\":\"https:\/\/corsicalovers.fr\/it\/hotel-onda-calvi-recensione\/#primaryimage\"},\"thumbnailUrl\":\"https:\/\/corsicalovers.fr\/wp-content\/uploads\/2023\/06\/hotel-onda-calvi-recensione.jpg\",\"datePublished\":\"2023-06-23T14:15:09+00:00\",\"dateModified\":\"2023-06-25T09:03:53+00:00\",\"description\":\"Scopra la nostra recensione e le foto dell'hotel l'Onda a Calvi, la sua vista sul mare, la sua posizione e il suo superbo arredamento!\",\"breadcrumb\":{\"@id\":\"https:\/\/corsicalovers.fr\/it\/hotel-onda-calvi-recensione\/#breadcrumb\"},\"inLanguage\":\"it-IT\",\"potentialAction\":[{\"@type\":\"ReadAction\",\"target\":[\"https:\/\/corsicalovers.fr\/it\/hotel-onda-calvi-recensione\/\"]}]},{\"@type\":\"ImageObject\",\"inLanguage\":\"it-IT\",\"@id\":\"https:\/\/corsicalovers.fr\/it\/hotel-onda-calvi-recensione\/#primaryimage\",\"url\":\"https:\/\/corsicalovers.fr\/wp-content\/uploads\/2023\/06\/hotel-onda-calvi-recensione.jpg\",\"contentUrl\":\"https:\/\/corsicalovers.fr\/wp-content\/uploads\/2023\/06\/hotel-onda-calvi-recensione.jpg\",\"width\":800,\"height\":600,\"caption\":\"Scoprite la nostra recensione e le foto dell hotel l Onda a Calvi\"},{\"@type\":\"BreadcrumbList\",\"@id\":\"https:\/\/corsicalovers.fr\/it\/hotel-onda-calvi-recensione\/#breadcrumb\",\"itemListElement\":[{\"@type\":\"ListItem\",\"position\":1,\"name\":\"Home\",\"item\":\"https:\/\/corsicalovers.fr\/it\/\"},{\"@type\":\"ListItem\",\"position\":2,\"name\":\"Calvi e dintorni\",\"item\":\"https:\/\/corsicalovers.fr\/it\/calvi-e-dintorni-it\/\"},{\"@type\":\"ListItem\",\"position\":3,\"name\":\"Soggiorno presso H\u00f4tel L&#8217;Onda (Calvi): recensione + foto\"}]},{\"@type\":\"WebSite\",\"@id\":\"https:\/\/corsicalovers.fr\/it\/#website\",\"url\":\"https:\/\/corsicalovers.fr\/it\/\",\"name\":\"Corsica Lovers\",\"description\":\"Per risvegliare i suoi sensi in Corsica - Il blog di Claire e Manu\",\"publisher\":{\"@id\":\"https:\/\/corsicalovers.fr\/it\/#organization\"},\"potentialAction\":[{\"@type\":\"SearchAction\",\"target\":{\"@type\":\"EntryPoint\",\"urlTemplate\":\"https:\/\/corsicalovers.fr\/it\/?s={search_term_string}\"},\"query-input\":{\"@type\":\"PropertyValueSpecification\",\"valueRequired\":true,\"valueName\":\"search_term_string\"}}],\"inLanguage\":\"it-IT\"},{\"@type\":\"Organization\",\"@id\":\"https:\/\/corsicalovers.fr\/it\/#organization\",\"name\":\"Corsica Lovers\",\"url\":\"https:\/\/corsicalovers.fr\/it\/\",\"logo\":{\"@type\":\"ImageObject\",\"inLanguage\":\"it-IT\",\"@id\":\"https:\/\/corsicalovers.fr\/it\/#\/schema\/logo\/image\/\",\"url\":\"https:\/\/corsicalovers.fr\/wp-content\/uploads\/2022\/11\/Blog-Corsica-Lovers-Logo-IT.png\",\"contentUrl\":\"https:\/\/corsicalovers.fr\/wp-content\/uploads\/2022\/11\/Blog-Corsica-Lovers-Logo-IT.png\",\"width\":2477,\"height\":863,\"caption\":\"Corsica Lovers\"},\"image\":{\"@id\":\"https:\/\/corsicalovers.fr\/it\/#\/schema\/logo\/image\/\"}},{\"@type\":\"Person\",\"@id\":\"https:\/\/corsicalovers.fr\/it\/#\/schema\/person\/d6672b28be42a560d2d402b024bd15ff\",\"name\":\"Claire ROBINSON\",\"image\":{\"@type\":\"ImageObject\",\"inLanguage\":\"it-IT\",\"@id\":\"https:\/\/secure.gravatar.com\/avatar\/e3566233826c32de8d7c9ef726a1087654b12cadb092acc17ee1d357687192ff?s=96&d=mm&r=g\",\"url\":\"https:\/\/secure.gravatar.com\/avatar\/e3566233826c32de8d7c9ef726a1087654b12cadb092acc17ee1d357687192ff?s=96&d=mm&r=g\",\"contentUrl\":\"https:\/\/secure.gravatar.com\/avatar\/e3566233826c32de8d7c9ef726a1087654b12cadb092acc17ee1d357687192ff?s=96&d=mm&r=g\",\"caption\":\"Claire ROBINSON\"},\"sameAs\":[\"https:\/\/corsicalovers.fr\/claire-robinson\/\"],\"url\":\"https:\/\/corsicalovers.fr\/it\/author\/corsicalovers\/\"}]}<\/script>\n<!-- \/ Yoast SEO plugin. -->","yoast_head_json":{"title":"Soggiorno presso H\u00f4tel L'Onda (Calvi): recensione + foto","description":"Scopra la nostra recensione e le foto dell'hotel l'Onda a Calvi, la sua vista sul mare, la sua posizione e il suo superbo arredamento!","robots":{"index":"index","follow":"follow","max-snippet":"max-snippet:-1","max-image-preview":"max-image-preview:large","max-video-preview":"max-video-preview:-1"},"canonical":"https:\/\/corsicalovers.fr\/it\/hotel-onda-calvi-recensione\/","og_locale":"it_IT","og_type":"article","og_title":"Soggiorno presso H\u00f4tel L'Onda (Calvi): recensione + foto","og_description":"Scopra la nostra recensione e le foto dell'hotel l'Onda a Calvi, la sua vista sul mare, la sua posizione e il suo superbo arredamento!","og_url":"https:\/\/corsicalovers.fr\/it\/hotel-onda-calvi-recensione\/","og_site_name":"Corsica Lovers","article_published_time":"2023-06-23T14:15:09+00:00","article_modified_time":"2023-06-25T09:03:53+00:00","og_image":[{"width":800,"height":600,"url":"https:\/\/corsicalovers.fr\/wp-content\/uploads\/2023\/06\/hotel-onda-calvi-recensione.jpg","type":"image\/jpeg"}],"author":"Claire ROBINSON","twitter_card":"summary_large_image","twitter_misc":{"Scritto da":"Claire ROBINSON","Tempo di lettura stimato":"6 minuti"},"schema":{"@context":"https:\/\/schema.org","@graph":[{"@type":"Article","@id":"https:\/\/corsicalovers.fr\/it\/hotel-onda-calvi-recensione\/#article","isPartOf":{"@id":"https:\/\/corsicalovers.fr\/it\/hotel-onda-calvi-recensione\/"},"author":{"name":"Claire ROBINSON","@id":"https:\/\/corsicalovers.fr\/it\/#\/schema\/person\/d6672b28be42a560d2d402b024bd15ff"},"headline":"Soggiorno presso H\u00f4tel L&#8217;Onda (Calvi): recensione + foto","datePublished":"2023-06-23T14:15:09+00:00","dateModified":"2023-06-25T09:03:53+00:00","mainEntityOfPage":{"@id":"https:\/\/corsicalovers.fr\/it\/hotel-onda-calvi-recensione\/"},"wordCount":1359,"publisher":{"@id":"https:\/\/corsicalovers.fr\/it\/#organization"},"image":{"@id":"https:\/\/corsicalovers.fr\/it\/hotel-onda-calvi-recensione\/#primaryimage"},"thumbnailUrl":"https:\/\/corsicalovers.fr\/wp-content\/uploads\/2023\/06\/hotel-onda-calvi-recensione.jpg","articleSection":["Calvi e dintorni"],"inLanguage":"it-IT"},{"@type":"WebPage","@id":"https:\/\/corsicalovers.fr\/it\/hotel-onda-calvi-recensione\/","url":"https:\/\/corsicalovers.fr\/it\/hotel-onda-calvi-recensione\/","name":"Soggiorno presso H\u00f4tel L'Onda (Calvi): recensione + foto","isPartOf":{"@id":"https:\/\/corsicalovers.fr\/it\/#website"},"primaryImageOfPage":{"@id":"https:\/\/corsicalovers.fr\/it\/hotel-onda-calvi-recensione\/#primaryimage"},"image":{"@id":"https:\/\/corsicalovers.fr\/it\/hotel-onda-calvi-recensione\/#primaryimage"},"thumbnailUrl":"https:\/\/corsicalovers.fr\/wp-content\/uploads\/2023\/06\/hotel-onda-calvi-recensione.jpg","datePublished":"2023-06-23T14:15:09+00:00","dateModified":"2023-06-25T09:03:53+00:00","description":"Scopra la nostra recensione e le foto dell'hotel l'Onda a Calvi, la sua vista sul mare, la sua posizione e il suo superbo arredamento!","breadcrumb":{"@id":"https:\/\/corsicalovers.fr\/it\/hotel-onda-calvi-recensione\/#breadcrumb"},"inLanguage":"it-IT","potentialAction":[{"@type":"ReadAction","target":["https:\/\/corsicalovers.fr\/it\/hotel-onda-calvi-recensione\/"]}]},{"@type":"ImageObject","inLanguage":"it-IT","@id":"https:\/\/corsicalovers.fr\/it\/hotel-onda-calvi-recensione\/#primaryimage","url":"https:\/\/corsicalovers.fr\/wp-content\/uploads\/2023\/06\/hotel-onda-calvi-recensione.jpg","contentUrl":"https:\/\/corsicalovers.fr\/wp-content\/uploads\/2023\/06\/hotel-onda-calvi-recensione.jpg","width":800,"height":600,"caption":"Scoprite la nostra recensione e le foto dell hotel l Onda a Calvi"},{"@type":"BreadcrumbList","@id":"https:\/\/corsicalovers.fr\/it\/hotel-onda-calvi-recensione\/#breadcrumb","itemListElement":[{"@type":"ListItem","position":1,"name":"Home","item":"https:\/\/corsicalovers.fr\/it\/"},{"@type":"ListItem","position":2,"name":"Calvi e dintorni","item":"https:\/\/corsicalovers.fr\/it\/calvi-e-dintorni-it\/"},{"@type":"ListItem","position":3,"name":"Soggiorno presso H\u00f4tel L&#8217;Onda (Calvi): recensione + foto"}]},{"@type":"WebSite","@id":"https:\/\/corsicalovers.fr\/it\/#website","url":"https:\/\/corsicalovers.fr\/it\/","name":"Corsica Lovers","description":"Per risvegliare i suoi sensi in Corsica - Il blog di Claire e Manu","publisher":{"@id":"https:\/\/corsicalovers.fr\/it\/#organization"},"potentialAction":[{"@type":"SearchAction","target":{"@type":"EntryPoint","urlTemplate":"https:\/\/corsicalovers.fr\/it\/?s={search_term_string}"},"query-input":{"@type":"PropertyValueSpecification","valueRequired":true,"valueName":"search_term_string"}}],"inLanguage":"it-IT"},{"@type":"Organization","@id":"https:\/\/corsicalovers.fr\/it\/#organization","name":"Corsica Lovers","url":"https:\/\/corsicalovers.fr\/it\/","logo":{"@type":"ImageObject","inLanguage":"it-IT","@id":"https:\/\/corsicalovers.fr\/it\/#\/schema\/logo\/image\/","url":"https:\/\/corsicalovers.fr\/wp-content\/uploads\/2022\/11\/Blog-Corsica-Lovers-Logo-IT.png","contentUrl":"https:\/\/corsicalovers.fr\/wp-content\/uploads\/2022\/11\/Blog-Corsica-Lovers-Logo-IT.png","width":2477,"height":863,"caption":"Corsica Lovers"},"image":{"@id":"https:\/\/corsicalovers.fr\/it\/#\/schema\/logo\/image\/"}},{"@type":"Person","@id":"https:\/\/corsicalovers.fr\/it\/#\/schema\/person\/d6672b28be42a560d2d402b024bd15ff","name":"Claire ROBINSON","image":{"@type":"ImageObject","inLanguage":"it-IT","@id":"https:\/\/secure.gravatar.com\/avatar\/e3566233826c32de8d7c9ef726a1087654b12cadb092acc17ee1d357687192ff?s=96&d=mm&r=g","url":"https:\/\/secure.gravatar.com\/avatar\/e3566233826c32de8d7c9ef726a1087654b12cadb092acc17ee1d357687192ff?s=96&d=mm&r=g","contentUrl":"https:\/\/secure.gravatar.com\/avatar\/e3566233826c32de8d7c9ef726a1087654b12cadb092acc17ee1d357687192ff?s=96&d=mm&r=g","caption":"Claire ROBINSON"},"sameAs":["https:\/\/corsicalovers.fr\/claire-robinson\/"],"url":"https:\/\/corsicalovers.fr\/it\/author\/corsicalovers\/"}]}},"featured_image_src":"https:\/\/corsicalovers.fr\/wp-content\/uploads\/2023\/06\/hotel-onda-calvi-recensione-600x400.jpg","featured_image_src_square":"https:\/\/corsicalovers.fr\/wp-content\/uploads\/2023\/06\/hotel-onda-calvi-recensione-600x600.jpg","author_info":{"display_name":"Claire ROBINSON","author_link":"https:\/\/corsicalovers.fr\/it\/author\/corsicalovers\/"},"_links":{"self":[{"href":"https:\/\/corsicalovers.fr\/it\/wp-json\/wp\/v2\/posts\/7825","targetHints":{"allow":["GET"]}}],"collection":[{"href":"https:\/\/corsicalovers.fr\/it\/wp-json\/wp\/v2\/posts"}],"about":[{"href":"https:\/\/corsicalovers.fr\/it\/wp-json\/wp\/v2\/types\/post"}],"author":[{"embeddable":true,"href":"https:\/\/corsicalovers.fr\/it\/wp-json\/wp\/v2\/users\/1"}],"replies":[{"embeddable":true,"href":"https:\/\/corsicalovers.fr\/it\/wp-json\/wp\/v2\/comments?post=7825"}],"version-history":[{"count":0,"href":"https:\/\/corsicalovers.fr\/it\/wp-json\/wp\/v2\/posts\/7825\/revisions"}],"wp:featuredmedia":[{"embeddable":true,"href":"https:\/\/corsicalovers.fr\/it\/wp-json\/wp\/v2\/media\/7756"}],"wp:attachment":[{"href":"https:\/\/corsicalovers.fr\/it\/wp-json\/wp\/v2\/media?parent=7825"}],"wp:term":[{"taxonomy":"category","embeddable":true,"href":"https:\/\/corsicalovers.fr\/it\/wp-json\/wp\/v2\/categories?post=7825"},{"taxonomy":"post_tag","embeddable":true,"href":"https:\/\/corsicalovers.fr\/it\/wp-json\/wp\/v2\/tags?post=7825"}],"curies":[{"name":"wp","href":"https:\/\/api.w.org\/{rel}","templated":true}]}}